{"id":40,"date":"2010-03-28T09:17:51","date_gmt":"2010-03-28T09:17:51","guid":{"rendered":"http:\/\/marcelino.org\/?p=40"},"modified":"2010-07-28T10:32:31","modified_gmt":"2010-07-28T10:32:31","slug":"amico","status":"publish","type":"post","link":"https:\/\/marcelino.org\/?p=40","title":{"rendered":"Amico"},"content":{"rendered":"<div>\n<h1>&#8220;Perch\u00e8 un altro mondo \u00e8 possibile&#8221;<\/h1>\n<p>Siamo un&#8217;organizzazione non governativa che si occupa dello sviluppo umano dei bambini, adolescenti e giovani che lavorano e vivono in ambito rurale del Per\u00f9. La nostra comunit\u00e0 si impegna ad educare alla libert\u00e0 e, con altre organizzazioni simili in America Latina e nel mondo, lotta contro l&#8217;oppressione, l&#8217;ingiustizia e l&#8217;oblio proponendo migliori alternative e sviluppo sostenibile per tutti.<\/p>\n<h3>Obiettivi<\/h3>\n<p>Favorire proposte di sviluppo rurale in ambito educativo-culturale, economico e politico, che prevedano la partecipazione attiva di bambini, adolescenti, giovani e adulti per migliorare le condizioni di vita del loro paese, della loro regione e della loro citt\u00e0.<\/p>\n<h3>Contesto<\/h3>\n<p>Il &#8220;Projecto Amigo&#8221; \u00e8 una comunit\u00e0 di conoscenza e approfondimento critico che contribuisce alla trasformazione delle reali esperienze vissute, alle politiche di sviluppo rurale per una educazione inclusiva, paritaria e di qualit\u00e0 e per una gestione efficiente delle istituzioni e delle organizzazioni addette allo sviluppo locale della regione andina. Tale progetto si relaziona con le comunit\u00e0 di base ed i movimenti sociali in favore di &#8220;un altro mondo possibile&#8221;.<\/p>\n<\/div>\n","protected":false},"excerpt":{"rendered":"<p>&#8220;Perch\u00e8 un altro mondo \u00e8 possibile&#8221; Siamo un&#8217;organizzazione non governativa che si occupa dello sviluppo umano dei bambini, adolescenti e giovani che lavorano e vivono in ambito rurale del Per\u00f9. La nostra comunit\u00e0 si impegna ad educare alla libert\u00e0 e, con altre organizzazioni simili in America Latina e nel mondo, lotta contro l&#8217;oppressione, l&#8217;ingiustizia e [&hellip;]<\/p>\n","protected":false},"author":2,"featured_media":0,"comment_status":"open","ping_status":"open","sticky":false,"template":"","format":"standard","meta":[],"categories":[3],"tags":[],"_links":{"self":[{"href":"https:\/\/marcelino.org\/index.php?rest_route=\/wp\/v2\/posts\/40"}],"collection":[{"href":"https:\/\/marcelino.org\/index.php?rest_route=\/wp\/v2\/posts"}],"about":[{"href":"https:\/\/marcelino.org\/index.php?rest_route=\/wp\/v2\/types\/post"}],"author":[{"embeddable":true,"href":"https:\/\/marcelino.org\/index.php?rest_route=\/wp\/v2\/users\/2"}],"replies":[{"embeddable":true,"href":"https:\/\/marcelino.org\/index.php?rest_route=%2Fwp%2Fv2%2Fcomments&post=40"}],"version-history":[{"count":5,"href":"https:\/\/marcelino.org\/index.php?rest_route=\/wp\/v2\/posts\/40\/revisions"}],"predecessor-version":[{"id":44,"href":"https:\/\/marcelino.org\/index.php?rest_route=\/wp\/v2\/posts\/40\/revisions\/44"}],"wp:attachment":[{"href":"https:\/\/marcelino.org\/index.php?rest_route=%2Fwp%2Fv2%2Fmedia&parent=40"}],"wp:term":[{"taxonomy":"category","embeddable":true,"href":"https:\/\/marcelino.org\/index.php?rest_route=%2Fwp%2Fv2%2Fcategories&post=40"},{"taxonomy":"post_tag","embeddable":true,"href":"https:\/\/marcelino.org\/index.php?rest_route=%2Fwp%2Fv2%2Ftags&post=40"}],"curies":[{"name":"wp","href":"https:\/\/api.w.org\/{rel}","templated":true}]}}